{"id":4829,"__str__":"Requerimento n\u00ba 112 de 2016","link_detail_backend":"/materia/4829","metadata":{},"numero":112,"ano":2016,"numero_protocolo":null,"data_apresentacao":"2016-06-13","tipo_apresentacao":"E","data_publicacao":null,"numero_origem_externa":"","ano_origem_externa":null,"data_origem_externa":null,"apelido":"","dias_prazo":null,"data_fim_prazo":null,"em_tramitacao":false,"polemica":false,"objeto":"","complementar":false,"ementa":"O VEREADOR INFRA-ASSINADO, NA FORMA REGIMENTAL, REQUER A VOSSA EXCEL\u00caNCIA,\r\nCONSULTADO O PLEN\u00c1RIO, SEJAM DISPENSADAS AS EXIG\u00caNCIAS REGIMENTAIS PARA QUE O\r\nPROJETO DE LEI CM N.\u00ba 09/2016, QUE &#8220;INSTITUI O DIA MUNICIPAL DA\r\nCONSCIENTIZA\u00c7\u00c3O DO TRANSTORNO DO ESPECTRO AUTISTA NO\r\nMUNIC\u00cdPIO DE LAGOA DA PRATA&#8221;, SEJA APRECIADO EM SEGUNDA DISCUSS\u00c3O E\r\nVOTA\u00c7\u00c3O NA PRESENTE REUNI\u00c3O.","indexacao":"","observacao":"","resultado":"","texto_original":"http://sapl.lagoadaprata.mg.leg.br/media/sapl/public/materialegislativa/2016/4829/4829_texto_integral.pdf","data_ultima_atualizacao":"2018-07-24T14:23:46.425287-03:00","ip":"","ultima_edicao":null,"tipo":3,"regime_tramitacao":1,"tipo_origem_externa":null,"local_origem_externa":null,"user":null,"anexadas":[],"autores":[25]}