{"id":4838,"__str__":"Requerimento n\u00ba 118 de 2016","link_detail_backend":"/materia/4838","metadata":{},"numero":118,"ano":2016,"numero_protocolo":null,"data_apresentacao":"2016-06-20","tipo_apresentacao":"E","data_publicacao":null,"numero_origem_externa":"","ano_origem_externa":null,"data_origem_externa":null,"apelido":"","dias_prazo":null,"data_fim_prazo":null,"em_tramitacao":false,"polemica":false,"objeto":"","complementar":false,"ementa":"A VEREADORA  INFRA-ASSINADA, NA  FORMA  REGIMENTAL,  REQUER  A  VOSSA  EXCEL\u00caNCIA,\r\nCONSULTADO  O  PLEN\u00c1RIO,  SEJA  ENVIADOOF\u00cdCIO  AO  CHEFE  DO  PODER  EXECUTIVO  MUNICIPAL,\r\nENCAMINHANDO O PRESENTE REQUERIMENTO QUE SOLICITA AO  SECRET\u00c1RIO DE SA\u00daDE, SR.\r\nGERALDO MANGELO DE ALMEIDA, QUE INFORME A ESTA CASA OS MOTIVOS PELOS QUAIS O\r\nMUNIC\u00cdPIO DE LAGOA DA PRATA N\u00c3O PARTICIPAR\u00c1 MAIS DO CONS\u00d3RCIO INTERMUNICIPAL &#8211;\r\nCIS-URG OESTE, O QUAL TEM COMO FINALIDADE PREC\u00cdPUA O GERENCIAMENTO DO SERVI\u00c7O\r\nDE ATENDIMENTO M\u00d3VEL DE URG\u00caNCIA (SAMU-192) EM NOSSA REGI\u00c3O.","indexacao":"","observacao":"","resultado":"","texto_original":"http://sapl.lagoadaprata.mg.leg.br/media/sapl/public/materialegislativa/2016/4838/4838_texto_integral.pdf","data_ultima_atualizacao":"2018-07-24T14:23:46.190418-03:00","ip":"","ultima_edicao":null,"tipo":3,"regime_tramitacao":1,"tipo_origem_externa":null,"local_origem_externa":null,"user":null,"anexadas":[],"autores":[22]}