{"id":4882,"__str__":"Indica\u00e7\u00e3o n\u00ba 33 de 2016","link_detail_backend":"/materia/4882","metadata":{},"numero":33,"ano":2016,"numero_protocolo":null,"data_apresentacao":"2016-08-29","tipo_apresentacao":"E","data_publicacao":null,"numero_origem_externa":"","ano_origem_externa":null,"data_origem_externa":null,"apelido":"","dias_prazo":null,"data_fim_prazo":null,"em_tramitacao":false,"polemica":false,"objeto":"","complementar":false,"ementa":"A NECESSIDADE DE SE \r\nREALIZAR UMA REUNI\u00c3O EM CONJUNTO COM ESTE VEREADOR E DEMAIS MEMBROS DA \u00c1REA, \r\nPARA SUGERIR QUE AS AMBUL\u00c2NCIAS QUE ATENDEM NA UPA N\u00c3O SEJAM LAVADAS NA \u00c1REA \r\nDE  ESTACIONAMENTO  DAS  MESMAS,  TENDO  EM  VISTA  QUE  ALGUNS  CIDAD\u00c3OS  T\u00caM \r\nRECLAMADO  QUE  A  \u00c1GUA  UTILIZADA  NA  LAVAGEM,  ESCORREM  PELAS  RUAS,  COM  A \r\nPOSSIBILIDADE DE ESTAREM CONTAMINADAS.","indexacao":"","observacao":"","resultado":"","texto_original":"http://sapl.lagoadaprata.mg.leg.br/media/sapl/public/materialegislativa/2016/4882/4882_texto_integral.pdf","data_ultima_atualizacao":"2018-07-24T14:23:48.650736-03:00","ip":"","ultima_edicao":null,"tipo":8,"regime_tramitacao":1,"tipo_origem_externa":null,"local_origem_externa":null,"user":null,"anexadas":[],"autores":[28]}