{"id":4921,"__str__":"Requerimento n\u00ba 183 de 2016","link_detail_backend":"/materia/4921","metadata":{},"numero":183,"ano":2016,"numero_protocolo":null,"data_apresentacao":"2016-10-24","tipo_apresentacao":"E","data_publicacao":null,"numero_origem_externa":"","ano_origem_externa":null,"data_origem_externa":null,"apelido":"","dias_prazo":null,"data_fim_prazo":null,"em_tramitacao":false,"polemica":false,"objeto":"","complementar":false,"ementa":"SEJAM DISPENSADAS AS EXIG\u00caNCIAS REGIMENTAIS\r\nPARA QUE O PROJETO DE LEI N.\u00ba EM 124/2016 QUE &#8216;&#8217;ABRE CR\u00c9DITO SUPLEMENTAR\r\nAO OR\u00c7AMENTO VIGENTE DO MUNIC\u00cdPIO DE LAGOA DA PRATA E CONT\u00c9M\r\nOUTRAS PROVID\u00caNCIAS&#8217;&#8217;, O PROJETO DE LEI N.\u00ba EM 125/2016 QUE &#8216;&#8217;AUTORIZA A\r\nTRANSFER\u00caNCIA DE DOTA\u00c7\u00d5ES DO OR\u00c7AMENTO VIGENTE DO MUNIC\u00cdPIO\r\nDE LAGOA DA PRATA E CONT\u00c9M OUTRAS PROVID\u00caNCIAS&#8217;&#8217;, O PROJETO DE LEI N.\u00ba\r\nEM 126/2016, QUE &#8216;&#8217;AUTORIZA O EXECUTIVO MUNICIPAL A ABRIR CR\u00c9DITO\r\nSUPLEMENTAR AO OR\u00c7AMENTO VIGENTE E CONT\u00c9M OUTRAS\r\nPROVID\u00caNCIAS&#8217;&#8217;, O PROJETO DE LEI N.\u00ba EM 127/2016, QUE &#8216;&#8217;ABRE CR\u00c9DITO\r\nESPECIAL AO OR\u00c7AMENTO VIGENTE DO MUNIC\u00cdPIO DE LAGOA DA PRATA E\r\nCONT\u00c9M OUTRAS PROVID\u00caNCIAS&#8217;&#8217;, O PROJETO DE LEI N.\u00ba EM 128/2016, QUE\r\n&#8216;&#8217;AUTORIZA O EXECUTIVO MUNICIPAL A ABRIR CR\u00c9DITO SUPLEMENTAR AO\r\nOR\u00c7AMENTO VIGENTE E CONT\u00c9M OUTRAS PROVID\u00caNCIAS&#8217;&#8217;, O PROJETO DE LEI\r\nN.\u00ba EM 129/2016 QUE &#8216;&#8217;AUTORIZA A TRANSFER\u00caNCIA DE DOTA\u00c7\u00d5ES DO\r\nOR\u00c7AMENTO VIGENTE DO MUNIC\u00cdPIO DE LAGOA DA PRATA E CONT\u00c9M\r\nOUTRAS PROVID\u00caNCIAS&#8217;&#8217;, E O PROJETO DE LEI N.\u00ba EM 130/2016, QUE &#8216;&#8217;ABRE\r\nCR\u00c9DITO SUPLEMENTAR AO OR\u00c7AMENTO VIGENTE DO MUNIC\u00cdPIO DE\r\nLAGOA DA PRATA E CONT\u00c9M OUTRAS PROVID\u00caNCIAS&#8217;&#8217;, SEJAM APRECIADOS EM\r\nDISCUSS\u00c3O E VOTA\u00c7\u00c3O \u00daNICA NA PRESENTE REUNI\u00c3O.","indexacao":"","observacao":"","resultado":"","texto_original":"http://sapl.lagoadaprata.mg.leg.br/media/sapl/public/materialegislativa/2016/4921/4921_texto_integral.pdf","data_ultima_atualizacao":"2018-07-24T14:23:44.943072-03:00","ip":"","ultima_edicao":null,"tipo":3,"regime_tramitacao":1,"tipo_origem_externa":null,"local_origem_externa":null,"user":null,"anexadas":[],"autores":[27]}