{"id":4952,"__str__":"Requerimento n\u00ba 215 de 2016","link_detail_backend":"/materia/4952","metadata":{},"numero":215,"ano":2016,"numero_protocolo":null,"data_apresentacao":"2016-12-12","tipo_apresentacao":"E","data_publicacao":null,"numero_origem_externa":"","ano_origem_externa":null,"data_origem_externa":null,"apelido":"","dias_prazo":null,"data_fim_prazo":null,"em_tramitacao":false,"polemica":false,"objeto":"","complementar":false,"ementa":"SEJA ENVIADO OF\u00cdCIO AO CHEFE DO PODER EXECUTIVO MUNICIPAL,\r\nENCAMINHANDO O PRESENTE REQUERIMENTO, QUE SOLICITA AO SECRET\u00c1RIO DE ADMINISTRA\u00c7\u00c3O E\r\nGOVERNO, SR. JOS\u00c9 OCTAVIANO ZEZINHO RIBEIRO, QUE INFORME A ESTA CASA SE H\u00c1\r\nPOSSIBILIDADE, NO ANO DE 2017, DE SE ADQUIRIR UM VE\u00cdCULO COLETIVO PARA TRANSPORTAR NOSSOS\r\nATLETAS, BEM COMO NOSSOS JOVENS QUE LEVAM O NOME DE LAGOA DA PRATA EM\r\nAPRESENTA\u00c7\u00d5ES CULTURAIS, AL\u00c9M DO MUNIC\u00cdPIO.","indexacao":"","observacao":"","resultado":"","texto_original":"http://sapl.lagoadaprata.mg.leg.br/media/sapl/public/materialegislativa/2016/4952/4952_texto_integral.pdf","data_ultima_atualizacao":"2018-07-24T14:23:45.552621-03:00","ip":"","ultima_edicao":null,"tipo":3,"regime_tramitacao":1,"tipo_origem_externa":null,"local_origem_externa":null,"user":null,"anexadas":[],"autores":[29]}