{"id":5008,"__str__":"Indica\u00e7\u00e3o n\u00ba 24 de 2017","link_detail_backend":"/materia/5008","metadata":{},"numero":24,"ano":2017,"numero_protocolo":null,"data_apresentacao":"2017-04-10","tipo_apresentacao":"E","data_publicacao":null,"numero_origem_externa":"","ano_origem_externa":null,"data_origem_externa":null,"apelido":"","dias_prazo":null,"data_fim_prazo":null,"em_tramitacao":false,"polemica":false,"objeto":"","complementar":false,"ementa":"NECESSIDADE DE SE ASFALTAR UMA VIA P\u00daBLICA, SEGUNDO ALGUNS\r\nMORADORES DENOMINADA RUA DA REDE FERROVI\u00c1RIA, PARTE ALTA, SENDO UMA QUADRA QUE\r\nFICA PARALELA \u00c0 AV. FERN\u00c3O DIAS, ENTRE A AV. FRANCISCO DE ASSIS E AV. JOS\u00c9\r\nALEXANDRINO DE ALMEIDA, EM FRENTE \u00c0 EMPRESA COMBRITA, NESTA CIDADE","indexacao":"","observacao":"","resultado":"","texto_original":"http://sapl.lagoadaprata.mg.leg.br/media/sapl/public/materialegislativa/2017/5008/5008_texto_integral.pdf","data_ultima_atualizacao":"2018-07-24T14:23:47.210022-03:00","ip":"","ultima_edicao":null,"tipo":8,"regime_tramitacao":1,"tipo_origem_externa":null,"local_origem_externa":null,"user":null,"anexadas":[],"autores":[32]}