{"id":5161,"__str__":"Indica\u00e7\u00e3o n\u00ba 42 de 2017","link_detail_backend":"/materia/5161","metadata":{},"numero":42,"ano":2017,"numero_protocolo":null,"data_apresentacao":"2017-07-03","tipo_apresentacao":"E","data_publicacao":null,"numero_origem_externa":"","ano_origem_externa":null,"data_origem_externa":null,"apelido":"","dias_prazo":null,"data_fim_prazo":null,"em_tramitacao":false,"polemica":false,"objeto":"","complementar":false,"ementa":"A NECESSIDADE DE SE AGENDAR UMA REUNI\u00c3O COM OS COMERCIANTES LOCAIS,\r\nEM ESPECIAL AQUELES QUE EM SEU RAMO DE ATIVIDADE UTILIZAM AS CAL\u00c7ADAS PARA A\r\nCOLOCA\u00c7\u00c3O DE MESAS E CADEIRAS, PARA TRATAR COM OS MESMOS A RESPEITO DO PROJETO DE\r\nLEI COMPLEMENTAR N.\u00ba 10/2017, QUE &#8220;ALTERA O ARTIGO 211 DA LEI COMPLEMENTAR N.\u00ba\r\n05 DE 1991 QUE INSTITUI O C\u00d3DIGO DE POSTURAS DO MUNIC\u00cdPIO DE LAGOA DA PRATA E D\u00c1\r\nOUTRAS PROVID\u00caNCIAS&#8221;, O QUAL INTERESSA AOS MENCIONADOS COMERCIANTES.","indexacao":"","observacao":"","resultado":"","texto_original":"http://sapl.lagoadaprata.mg.leg.br/media/sapl/public/materialegislativa/2017/5161/5161_texto_integral.pdf","data_ultima_atualizacao":"2018-07-24T14:23:43.452071-03:00","ip":"","ultima_edicao":null,"tipo":8,"regime_tramitacao":1,"tipo_origem_externa":null,"local_origem_externa":null,"user":null,"anexadas":[],"autores":[11]}