{"id":5163,"__str__":"Mo\u00e7\u00e3o n\u00ba 1 de 2017","link_detail_backend":"/materia/5163","metadata":{},"numero":1,"ano":2017,"numero_protocolo":null,"data_apresentacao":"2017-07-03","tipo_apresentacao":"E","data_publicacao":null,"numero_origem_externa":"","ano_origem_externa":null,"data_origem_externa":null,"apelido":"","dias_prazo":null,"data_fim_prazo":null,"em_tramitacao":false,"polemica":false,"objeto":"","complementar":false,"ementa":"SEJA SUBMETIDA \u00c0 APROVA\u00c7\u00c3O DO PLEN\u00c1RIO MO\u00c7\u00c3O DE APLAUSO \u00c0\r\nEQUIPE T\u00c9CNICA E RESPECTIVO COORDENADOR, DO CENTRO DE ATEN\u00c7\u00c3O\r\nPSICOSSOCIAL &#8211; CAPS - DO MUNIC\u00cdPIO, PARABENIZANDO-OS PELO EXCELENTE TRABALHO\r\nPRESTADO \u00c0S FAM\u00cdLIAS DE LAGOA DA PRATA QUE PRECISAM DESTE TRATAMENTO\r\nESPECIALIZADO.","indexacao":"","observacao":"","resultado":"","texto_original":"http://sapl.lagoadaprata.mg.leg.br/media/sapl/public/materialegislativa/2017/5163/5163_texto_integral.pdf","data_ultima_atualizacao":"2018-07-24T14:23:44.387471-03:00","ip":"","ultima_edicao":null,"tipo":7,"regime_tramitacao":1,"tipo_origem_externa":null,"local_origem_externa":null,"user":null,"anexadas":[],"autores":[11]}