{"id":5218,"__str__":"Requerimento n\u00ba 168 de 2017","link_detail_backend":"/materia/5218","metadata":{},"numero":168,"ano":2017,"numero_protocolo":null,"data_apresentacao":"2017-08-28","tipo_apresentacao":"E","data_publicacao":null,"numero_origem_externa":"","ano_origem_externa":null,"data_origem_externa":null,"apelido":"","dias_prazo":null,"data_fim_prazo":null,"em_tramitacao":false,"polemica":false,"objeto":"","complementar":false,"ementa":"QUE SEJAM DISPENSADAS AS EXIG\u00caNCIAS REGIMENTAIS PARA QUE O\r\nPROJETO DE LEI CM N.\u00ba 09/2017, QUE &#8220;INSTITUI O DIA MUNICIPAL DA ADO\u00c7\u00c3O\r\nANIMAL NO MUNIC\u00cdPIO DE LAGOA DA PRATA&#8221;, E O PROJETO DE LEI COMPLEMENTAR\r\nEM N.\u00ba 15/2017, QUE &#8220;ALTERA A LEI COMPLEMENTAR N\u00ba 003, DE 22 DE MAIO DE\r\n1991&#8221;, SEJAM APRECIADOS EM SEGUNDA DISCUSS\u00c3O E VOTA\u00c7\u00c3O NA PRESENTE REUNI\u00c3O.","indexacao":"","observacao":"","resultado":"","texto_original":"http://sapl.lagoadaprata.mg.leg.br/media/sapl/public/materialegislativa/2017/5218/5218_texto_integral.pdf","data_ultima_atualizacao":"2018-07-24T14:23:43.164085-03:00","ip":"","ultima_edicao":null,"tipo":3,"regime_tramitacao":1,"tipo_origem_externa":null,"local_origem_externa":null,"user":null,"anexadas":[],"autores":[28]}