{"id":5321,"__str__":"Requerimento n\u00ba 247 de 2017","link_detail_backend":"/materia/5321","metadata":{},"numero":247,"ano":2017,"numero_protocolo":null,"data_apresentacao":"2017-12-04","tipo_apresentacao":"E","data_publicacao":null,"numero_origem_externa":"","ano_origem_externa":null,"data_origem_externa":null,"apelido":"","dias_prazo":null,"data_fim_prazo":null,"em_tramitacao":false,"polemica":false,"objeto":"","complementar":false,"ementa":"QUE INFORME A ESTA CASA SE H\u00c1 POSSIBILIDADE DE SE\r\nNOMEAR O AUTOR DESTE REQUERIMENTO, BEM COMO OUTROS VEREADORES QUE SE\r\nINTERESSEM, PARA REPRESENTAREM O LEGISLATIVO JUNTO AO GOVERNO DO ESTADO DE MINAS\r\nGERAIS EM UMA REUNI\u00c3O PARA TRATAR A RESPEITO DO CONV\u00caNIO FIRMADO ENTRE O ENTE\r\nFEDERATIVO E A ESCOLA ESTADUAL VIRG\u00cdNIO PERILO PARA CONSTRU\u00c7\u00c3O DE DUAS SALAS, CUJOS\r\nRECURSOS AINDA N\u00c3O FORAM LIBERADOS.","indexacao":"","observacao":"","resultado":"","texto_original":"http://sapl.lagoadaprata.mg.leg.br/media/sapl/public/materialegislativa/2017/5321/5321_texto_integral.pdf","data_ultima_atualizacao":"2018-07-24T14:23:48.693240-03:00","ip":"","ultima_edicao":null,"tipo":3,"regime_tramitacao":1,"tipo_origem_externa":null,"local_origem_externa":null,"user":null,"anexadas":[],"autores":[11]}