{"id":5454,"__str__":"Requerimento n\u00ba 83 de 2018","link_detail_backend":"/materia/5454","metadata":{},"numero":83,"ano":2018,"numero_protocolo":null,"data_apresentacao":"2018-06-18","tipo_apresentacao":"E","data_publicacao":null,"numero_origem_externa":"","ano_origem_externa":null,"data_origem_externa":null,"apelido":"","dias_prazo":null,"data_fim_prazo":null,"em_tramitacao":false,"polemica":false,"objeto":"","complementar":false,"ementa":"REQUER QUE SEJAM DISPENSADAS AS EXIG\u00caNCIAS REGIMENTAIS PARA QUE O\r\nPROJETO DE LEI CM N\u00ba 11/2018, QUE &#8220;INSTITUI O DIA MUNICIPAL DO\r\nEMPREENDEDOR AMBULANTE NO MUNIC\u00cdPIO DE LAGOA DA PRATA&#8221;; O PROJETO\r\nDE LEI EM N\u00ba 53/2018, QUE &#8220;AUTORIZA O EXECUTIVO MUNICIPAL A DOAR\r\nIM\u00d3VEL \u00c0 ASSOCIA\u00c7\u00c3O MUNICIPAL DE APOIO \u00c0S VITIMAS DE VIOL\u00caNCIA E\r\nCONTEM OUTRAS PROVIDENCIAS&#8221;; O PROJETO DE RESOLU\u00c7\u00c3O N\u00ba 14/2018, QUE\r\n&#8220;ALTERA A RESOLU\u00c7\u00c3O N\u00ba 750/2017&#8221;; E O PROJETO DE RESOLU\u00c7\u00c3O N\u00ba 15/2018, QUE\r\n&#8220;ALTERA A RESOLU\u00c7\u00c3O N\u00ba 462/2004 &#8211; REGIMENTO INTERNO DA C\u00c2MARA\r\nMUNICIPAL&#8221;, SEJAM DELIBERADOS EM SEGUNDA DISCUSS\u00c3O E VOTA\u00c7\u00c3O NA PRESENTE\r\nREUNI\u00c3O.","indexacao":"","observacao":"","resultado":"","texto_original":"http://sapl.lagoadaprata.mg.leg.br/media/sapl/public/materialegislativa/2018/5454/5454_texto_integral.pdf","data_ultima_atualizacao":"2018-07-24T14:23:43.262958-03:00","ip":"","ultima_edicao":null,"tipo":3,"regime_tramitacao":1,"tipo_origem_externa":null,"local_origem_externa":null,"user":null,"anexadas":[],"autores":[35]}