{"id":5519,"__str__":"Anteprojeto de Lei n\u00ba 8 de 2018","link_detail_backend":"/materia/5519","metadata":{},"numero":8,"ano":2018,"numero_protocolo":null,"data_apresentacao":"2018-05-24","tipo_apresentacao":"","data_publicacao":null,"numero_origem_externa":"","ano_origem_externa":null,"data_origem_externa":null,"apelido":"","dias_prazo":null,"data_fim_prazo":null,"em_tramitacao":false,"polemica":null,"objeto":"","complementar":null,"ementa":"Altera a Lei Complementar n\u00ba 93, de 06 de julho de 2011, para criar a Fun\u00e7\u00e3o Gratificada de Enfermeiro(a) Coordenador(a) de Unidade B\u00e1sica de Sa\u00fade.","indexacao":"Altera a Lei Complementar n\u00ba 93, de 06 de julho de 2011, para criar a Fun\u00e7\u00e3o Gratificada de Enfermeiro(a) Coordenador(a) de Unidade B\u00e1sica de Sa\u00fade.","observacao":"","resultado":"","texto_original":"http://sapl.lagoadaprata.mg.leg.br/media/sapl/public/materialegislativa/2018/5519/anteprojeto_08-2018_nunes_-_gratificacao_enferm_z3YUcuS.pdf","data_ultima_atualizacao":"2018-07-30T16:25:49.843155-03:00","ip":"","ultima_edicao":null,"tipo":10,"regime_tramitacao":1,"tipo_origem_externa":null,"local_origem_externa":null,"user":null,"anexadas":[],"autores":[28]}