{"id":5656,"__str__":"Indica\u00e7\u00e3o n\u00ba 47 de 2018","link_detail_backend":"/materia/5656","metadata":{},"numero":47,"ano":2018,"numero_protocolo":null,"data_apresentacao":"2018-10-15","tipo_apresentacao":"","data_publicacao":null,"numero_origem_externa":"","ano_origem_externa":null,"data_origem_externa":null,"apelido":"","dias_prazo":null,"data_fim_prazo":null,"em_tramitacao":false,"polemica":null,"objeto":"","complementar":null,"ementa":"necessidade de se realizar obras de amplia\u00e7\u00e3o da\r\ncapacidade de ilumina\u00e7\u00e3o p\u00fablica na Avenida Jos\u00e9 Bernardes Maciel,\r\nprincipalmente no trecho que compreende o denominado \u201cParque dos\r\nBuritis\u201d, assim como a necessidade de se reparar a ilumina\u00e7\u00e3o\r\nexistente.","indexacao":"necessidade de se realizar obras de amplia\u00e7\u00e3o da\r\ncapacidade de ilumina\u00e7\u00e3o p\u00fablica na Avenida Jos\u00e9 Bernardes Maciel,\r\nprincipalmente no trecho que compreende o denominado \u201cParque dos\r\nBuritis\u201d, assim como a necessidade de se reparar a ilumina\u00e7\u00e3o\r\nexistente.","observacao":"","resultado":"","texto_original":"http://sapl.lagoadaprata.mg.leg.br/media/sapl/public/materialegislativa/2018/5656/indicacao_47-2018_quelli_iluminacao_jose_bernar_0UkCMxR.pdf","data_ultima_atualizacao":"2018-11-20T12:36:15.571463-02:00","ip":"","ultima_edicao":null,"tipo":8,"regime_tramitacao":1,"tipo_origem_externa":null,"local_origem_externa":null,"user":null,"anexadas":[],"autores":[26]}