{"id":5728,"__str__":"Indica\u00e7\u00e3o n\u00ba 6 de 2019","link_detail_backend":"/materia/5728","metadata":{},"numero":6,"ano":2019,"numero_protocolo":null,"data_apresentacao":"2019-01-21","tipo_apresentacao":"","data_publicacao":null,"numero_origem_externa":"","ano_origem_externa":null,"data_origem_externa":null,"apelido":"","dias_prazo":null,"data_fim_prazo":null,"em_tramitacao":false,"polemica":null,"objeto":"","complementar":null,"ementa":"indica ao Executivo Municipal, na forma regimental, a\r\nnecessidade de se colocar o nome do Sr. Baldu\u00edno Bernardes de Amorim, ex Prefeito e ex\r\nVereador desta cidade, que era tamb\u00e9m, carinhosamente, chamado de Sr. Dudu, em uma\r\nvia p\u00fablica, em uma pra\u00e7a ou em um pr\u00e9dio p\u00fablico.","indexacao":"indica ao Executivo Municipal, na forma regimental, a\r\nnecessidade de se colocar o nome do Sr. Baldu\u00edno Bernardes de Amorim, ex Prefeito e ex\r\nVereador desta cidade, que era tamb\u00e9m, carinhosamente, chamado de Sr. Dudu, em uma\r\nvia p\u00fablica, em uma pra\u00e7a ou em um pr\u00e9dio p\u00fablico.","observacao":"","resultado":"","texto_original":"http://sapl.lagoadaprata.mg.leg.br/media/sapl/public/materialegislativa/2019/5728/indicacao_006-2019_-_nunes_-_jr_-_nome_bem_publ_OWdNwXw.pdf","data_ultima_atualizacao":"2019-02-20T15:25:06.985801-03:00","ip":"","ultima_edicao":null,"tipo":8,"regime_tramitacao":1,"tipo_origem_externa":null,"local_origem_externa":null,"user":null,"anexadas":[],"autores":[28]}