{"id":5813,"__str__":"Requerimento n\u00ba 56 de 2019","link_detail_backend":"/materia/5813","metadata":{},"numero":56,"ano":2019,"numero_protocolo":null,"data_apresentacao":"2019-04-01","tipo_apresentacao":"E","data_publicacao":null,"numero_origem_externa":"","ano_origem_externa":null,"data_origem_externa":null,"apelido":"","dias_prazo":null,"data_fim_prazo":null,"em_tramitacao":false,"polemica":null,"objeto":"","complementar":null,"ementa":"O VEREADOR INFRA-ASSINADO, NA FORMA REGIMENTAL E CONSULTADO O PLEN\u00c1RIO, REQUER A VOSSA EXCEL\u00caNCIA QUE A REUNI\u00c3O ORDIN\u00c1RIA DO DIA 29 DE ABRIL DE 2019 SEJA ADIADA PARA O DIA 30 DE ABRIL DE 2019, TER\u00c7A-FEIRA.","indexacao":"O VEREADOR INFRA-ASSINADO, NA FORMA REGIMENTAL E CONSULTADO O PLEN\u00c1RIO, REQUER A VOSSA EXCEL\u00caNCIA QUE A REUNI\u00c3O ORDIN\u00c1RIA DO DIA 29 DE ABRIL DE 2019 SEJA ADIADA PARA O DIA 30 DE ABRIL DE 2019, TER\u00c7A-FEIRA.","observacao":"","resultado":"","texto_original":"http://sapl.lagoadaprata.mg.leg.br/media/sapl/public/materialegislativa/2019/5813/requerimento_056-2019_nunes_-_adia_a_reuniao_de_xT5nsbv.pdf","data_ultima_atualizacao":"2019-04-02T16:06:14.414170-03:00","ip":"","ultima_edicao":null,"tipo":3,"regime_tramitacao":1,"tipo_origem_externa":null,"local_origem_externa":null,"user":null,"anexadas":[],"autores":[28]}