{"id":6151,"__str__":"Requerimento n\u00ba 22 de 2019","link_detail_backend":"/materia/6151","metadata":{},"numero":22,"ano":2019,"numero_protocolo":null,"data_apresentacao":"2019-02-04","tipo_apresentacao":"E","data_publicacao":null,"numero_origem_externa":"","ano_origem_externa":null,"data_origem_externa":null,"apelido":"","dias_prazo":null,"data_fim_prazo":null,"em_tramitacao":false,"polemica":null,"objeto":"","complementar":null,"ementa":"O vereador infra-assinado, na forma regimental, requer a Vossa Excel\u00eancia, consultado o Plen\u00e1rio, que a Reuni\u00e3o Ordin\u00e1ria do dia 11 de fevereiro do corrente ano seja antecipada para o dia 08 de fevereiro de 2019, sexta-feira.","indexacao":"","observacao":"","resultado":"","texto_original":"http://sapl.lagoadaprata.mg.leg.br/media/sapl/public/materialegislativa/2019/6151/requerimento_022-2019_-_adriano_-_adia_a_reuniao_04-02.pdf","data_ultima_atualizacao":"2020-01-31T16:35:45.112482-03:00","ip":"201.222.28.9","ultima_edicao":null,"tipo":3,"regime_tramitacao":1,"tipo_origem_externa":null,"local_origem_externa":null,"user":47,"anexadas":[],"autores":[11]}