{"id":6156,"__str__":"Requerimento n\u00ba 27 de 2019","link_detail_backend":"/materia/6156","metadata":{},"numero":27,"ano":2019,"numero_protocolo":null,"data_apresentacao":"2019-02-04","tipo_apresentacao":"E","data_publicacao":null,"numero_origem_externa":"","ano_origem_externa":null,"data_origem_externa":null,"apelido":"","dias_prazo":null,"data_fim_prazo":null,"em_tramitacao":false,"polemica":null,"objeto":"","complementar":null,"ementa":"A Vereadora infra-assinada, na forma regimental, requer a Vossa Excel\u00eancia, consultado o Plen\u00e1rio, seja adiada para a pr\u00f3xima reuni\u00e3o ordin\u00e1ria, a Segunda Discuss\u00e3o e Vota\u00e7\u00e3o do Projeto de Lei Complementar EM n\u00ba 07/2018 que \u201cALTERA A LEI COMPLEMENTAR N\u00ba 003, DE 22 DE MAIO DE 1991\u201d.","indexacao":"","observacao":"","resultado":"","texto_original":"http://sapl.lagoadaprata.mg.leg.br/media/sapl/public/materialegislativa/2019/6156/requerimento_027-2019_-_cida_-_adiamento_de_votacao_em_007-2018_-_04-02.pdf","data_ultima_atualizacao":"2020-01-31T16:35:45.231925-03:00","ip":"201.222.28.9","ultima_edicao":null,"tipo":3,"regime_tramitacao":1,"tipo_origem_externa":null,"local_origem_externa":null,"user":47,"anexadas":[],"autores":[22]}