{"id":621,"__str__":"Requerimento n\u00ba 328 de 2007","link_detail_backend":"/materia/621","metadata":{},"numero":328,"ano":2007,"numero_protocolo":null,"data_apresentacao":"2007-12-03","tipo_apresentacao":"E","data_publicacao":null,"numero_origem_externa":"","ano_origem_externa":null,"data_origem_externa":null,"apelido":"","dias_prazo":null,"data_fim_prazo":null,"em_tramitacao":false,"polemica":null,"objeto":"","complementar":null,"ementa":"REQUER A VOSSA EXCEL\u00caNCIA, CONSULTADO O PLEN\u00c1RIO, SEJA ENVIADO OF\u00cdCIO \u00c0 COMISS\u00c3O DE SELE\u00c7\u00c3O E INSCRI\u00c7\u00c3O DE ESTAGI\u00c1RIOS DA ORDEM DOS ADVOGADOS DO BRASIL \u2013 OAB, SE\u00c7\u00c3O MINAS GERAIS, ACOMPANHADO DE CERTID\u00c3O CERTIFICANDO QUE O VEREADOR AUTOR DESTE REQUERIMENTO, N\u00c3O \u00c9 MEMBRO DA MESA DIRETORA DESTA CASA DE LEIS.","indexacao":"REQUER A VOSSA EXCEL\u00caNCIA, CONSULTADO O PLEN\u00c1RIO, SEJA ENVIADO OF\u00cdCIO \u00c0 COMISS\u00c3O DE SELE\u00c7\u00c3O E INSCRI\u00c7\u00c3O DE ESTAGI\u00c1RIOS DA ORDEM DOS ADVOGADOS DO BRASIL \u2013 OAB, SE\u00c7\u00c3O MINAS GERAIS, ACOMPANHADO DE CERTID\u00c3O CERTIFICANDO QUE O VEREADOR AUTOR DESTE REQUERIMENTO, N\u00c3O \u00c9 MEMBRO DA MESA DIRETORA DESTA CASA DE LEIS.","observacao":"","resultado":"","texto_original":"http://sapl.lagoadaprata.mg.leg.br/media/sapl/public/materialegislativa/2007/621/621_texto_integral.pdf","data_ultima_atualizacao":"2018-07-24T14:23:45.973839-03:00","ip":"","ultima_edicao":null,"tipo":3,"regime_tramitacao":1,"tipo_origem_externa":null,"local_origem_externa":null,"user":null,"anexadas":[],"autores":[3]}