{"id":6229,"__str__":"Requerimento n\u00ba 33 de 2020","link_detail_backend":"/materia/6229","metadata":{},"numero":33,"ano":2020,"numero_protocolo":null,"data_apresentacao":"2020-03-02","tipo_apresentacao":"E","data_publicacao":null,"numero_origem_externa":"","ano_origem_externa":null,"data_origem_externa":null,"apelido":"","dias_prazo":null,"data_fim_prazo":null,"em_tramitacao":false,"polemica":null,"objeto":"","complementar":null,"ementa":"Os Vereadores infra-assinados, na forma regimental, requerem a Vossa Excel\u00eancia, consultado o Plen\u00e1rio, que seja determinada a realiza\u00e7\u00e3o de uma Audi\u00eancia P\u00fablica na C\u00e2mara Municipal sobre o Projeto de Lei CM 3/2020 que \u201cPro\u00edbe a Utiliza\u00e7\u00e3o de Embalagens e Sacolas Pl\u00e1sticas e a Comercializa\u00e7\u00e3o e Utiliza\u00e7\u00e3o de Canudos de Pl\u00e1stico, Exceto os Biodegrad\u00e1veis, e Cont\u00e9m Outras Provid\u00eancias.\u201d, que tramita nesta Casa.\r\n\r\n\t\tPropomos que sejam convidados para esta Audi\u00eancia P\u00fablica, por meio de of\u00edcios e  outros meios oficiais de comunica\u00e7\u00e3o desta C\u00e2mara Municipal, os membros do CODEMA, Ambientalistas, profissionais e alunos da Educa\u00e7\u00e3o, Estudantes Universit\u00e1rios das \u00e1reas biol\u00f3gicas e ambientais, Comerciantes em geral (com\u00e9rcios varejistas, supermercados, restaurantes, bares, padarias, etc).","indexacao":"","observacao":"","resultado":"","texto_original":"http://sapl.lagoadaprata.mg.leg.br/media/sapl/public/materialegislativa/2020/6229/requerimento_033-2020_-_adriano_-_audiencia_publica_pl_cm_003-2020_02-03.pdf","data_ultima_atualizacao":"2022-06-10T14:01:27.529896-03:00","ip":"201.222.28.9","ultima_edicao":null,"tipo":3,"regime_tramitacao":1,"tipo_origem_externa":null,"local_origem_externa":null,"user":47,"anexadas":[],"autores":[11]}