{"id":633,"__str__":"Indica\u00e7\u00e3o n\u00ba 233 de 2007","link_detail_backend":"/materia/633","metadata":{},"numero":233,"ano":2007,"numero_protocolo":null,"data_apresentacao":"2007-12-03","tipo_apresentacao":"E","data_publicacao":null,"numero_origem_externa":"","ano_origem_externa":null,"data_origem_externa":null,"apelido":"","dias_prazo":null,"data_fim_prazo":null,"em_tramitacao":false,"polemica":null,"objeto":"","complementar":null,"ementa":"INDICA AO EXECUTIVO MUNICIPAL, NA FORMA REGIMENTAL, A NECESSIDADE DE SE CAL\u00c7AR AS RUAS S\u00c3O CARLOS E S\u00c3O FRANCISCO (APENAS 01 QUADRA), NO BAIRRO AM\u00c9RICO SILVA, NESTA CIDADE.","indexacao":"INDICA AO EXECUTIVO MUNICIPAL, NA FORMA REGIMENTAL, A NECESSIDADE DE SE CAL\u00c7AR AS RUAS S\u00c3O CARLOS E S\u00c3O FRANCISCO (APENAS 01 QUADRA), NO BAIRRO AM\u00c9RICO SILVA, NESTA CIDADE.","observacao":"","resultado":"","texto_original":"http://sapl.lagoadaprata.mg.leg.br/media/sapl/public/materialegislativa/2007/633/633_texto_integral.pdf","data_ultima_atualizacao":"2018-07-24T14:23:45.093141-03:00","ip":"","ultima_edicao":null,"tipo":8,"regime_tramitacao":1,"tipo_origem_externa":null,"local_origem_externa":null,"user":null,"anexadas":[],"autores":[18]}