{"id":6611,"__str__":"Indica\u00e7\u00e3o n\u00ba 32 de 2021","link_detail_backend":"/materia/6611","metadata":{},"numero":32,"ano":2021,"numero_protocolo":null,"data_apresentacao":"2021-04-12","tipo_apresentacao":"E","data_publicacao":null,"numero_origem_externa":"","ano_origem_externa":null,"data_origem_externa":null,"apelido":"","dias_prazo":null,"data_fim_prazo":null,"em_tramitacao":false,"polemica":false,"objeto":"","complementar":false,"ementa":"A Vereadora infra-assinada indica ao Executivo Municipal, na forma regimental, a necessidade da volta da oferta do transporte coletivo p\u00fablico para a popula\u00e7\u00e3o de Lagoa da Prata.","indexacao":"","observacao":"","resultado":"","texto_original":"http://sapl.lagoadaprata.mg.leg.br/media/sapl/public/materialegislativa/2021/6611/indicacao_032-2021_-_soninha_-_transporte_publico_-_12-04.pdf","data_ultima_atualizacao":"2021-05-05T16:13:53.235550-03:00","ip":"201.222.28.9","ultima_edicao":"2021-04-14T12:19:55.236366-03:00","tipo":8,"regime_tramitacao":1,"tipo_origem_externa":null,"local_origem_externa":null,"user":48,"anexadas":[],"autores":[62]}