{"id":6821,"__str__":"Requerimento n\u00ba 172 de 2021","link_detail_backend":"/materia/6821","metadata":{},"numero":172,"ano":2021,"numero_protocolo":null,"data_apresentacao":"2021-08-09","tipo_apresentacao":"E","data_publicacao":null,"numero_origem_externa":"","ano_origem_externa":null,"data_origem_externa":null,"apelido":"","dias_prazo":null,"data_fim_prazo":null,"em_tramitacao":false,"polemica":false,"objeto":"","complementar":false,"ementa":"A Vereadora infra-assinada, na forma regimental, requer a Vossa Excel\u00eancia, consultado o Plen\u00e1rio, que seja enviado of\u00edcio ao Chefe do Poder Executivo Municipal, encaminhando o presente Requerimento que solicita ao Secret\u00e1rio de Administra\u00e7\u00e3o e Governo, bem como \u00e0 Secret\u00e1ria de Sa\u00fade, que informem a esta Casa, se h\u00e1 possibilidade de se criar o Programa \u201cFarm\u00e1cia Solid\u00e1ria\u201d em nosso munic\u00edpio.","indexacao":"","observacao":"","resultado":"","texto_original":"http://sapl.lagoadaprata.mg.leg.br/media/sapl/public/materialegislativa/2021/6821/requerimento_172-2021_-_lisa_-_progrma_farmacia_solidaria_09-08.pdf","data_ultima_atualizacao":"2021-08-12T14:48:08.346105-03:00","ip":"201.222.28.9","ultima_edicao":"2021-08-10T14:44:14.630396-03:00","tipo":3,"regime_tramitacao":1,"tipo_origem_externa":null,"local_origem_externa":null,"user":48,"anexadas":[],"autores":[63]}