{"id":6901,"__str__":"Requerimento n\u00ba 217 de 2021","link_detail_backend":"/materia/6901","metadata":{},"numero":217,"ano":2021,"numero_protocolo":null,"data_apresentacao":"2021-09-27","tipo_apresentacao":"","data_publicacao":null,"numero_origem_externa":"","ano_origem_externa":null,"data_origem_externa":null,"apelido":"","dias_prazo":null,"data_fim_prazo":null,"em_tramitacao":false,"polemica":false,"objeto":"","complementar":false,"ementa":"Sra. Presidente,\r\n\r\n    \u200b \tO Vereador infra-assinado, na forma regimental e consultado o Plen\u00e1rio, requer a    Vossa Excel\u00eancia que seja enviado ao Chefe do Poder Executivo Municipal of\u00edcio               encaminhando o presente Requerimento, solicitando ao Secret\u00e1rio de Administra\u00e7\u00e3o e         Governo, Lucas Rafael Gontijo de Melo, bem como ao Secret\u00e1rio de Cultura e Turismo,     Daniel Ribeiro Melo, que informem a esta Casa se h\u00e1 possibilidade de se instalar uma guarita de observa\u00e7\u00e3o para os Salva-vidas na Praia P\u00fablica Municipal, bem como de se renovar os seus equipamentos de trabalho, e aumentar, o mais r\u00e1pido poss\u00edvel, o n\u00famero destes            profissionais no mencionado local.","indexacao":"","observacao":"","resultado":"","texto_original":"http://sapl.lagoadaprata.mg.leg.br/media/sapl/public/materialegislativa/2021/6901/requerimento_217-2021_-_toninho_da_laje_-_salva-vidas_na_praia_27-09.pdf","data_ultima_atualizacao":"2021-09-29T13:13:59.576787-03:00","ip":"201.222.28.9","ultima_edicao":"2021-09-28T15:43:52.791957-03:00","tipo":3,"regime_tramitacao":1,"tipo_origem_externa":null,"local_origem_externa":null,"user":47,"anexadas":[],"autores":[66]}