{"id":7458,"__str__":"Requerimento n\u00ba 163 de 2022","link_detail_backend":"/materia/7458","metadata":{},"numero":163,"ano":2022,"numero_protocolo":null,"data_apresentacao":"2022-10-24","tipo_apresentacao":"","data_publicacao":null,"numero_origem_externa":"","ano_origem_externa":null,"data_origem_externa":null,"apelido":"","dias_prazo":null,"data_fim_prazo":null,"em_tramitacao":true,"polemica":false,"objeto":"","complementar":false,"ementa":"Senhora Presidente,\r\n\r\n       \t\tA Vereadora infra-assinada, na forma regimental, requer a Vossa Excel\u00eancia, consultado o Plen\u00e1rio, que seja enviado of\u00edcio ao Chefe do Poder Executivo Municipal, encaminhando o presente Requerimento, que solicita \u00e0 Secret\u00e1ria de Sa\u00fade, Sabrina Elen de Novaes, que informe aos Vereadores e \u00e0 popula\u00e7\u00e3o de Lagoa da Prata, se h\u00e1 possibilidade de se reinstalar o quadro com a foto do saudoso Sr. Vicente Francisco Ferreira, j\u00e1 falecido, bem como a placa indicativa da denomina\u00e7\u00e3o da ala do Centro de Especialidades Odontol\u00f3gicas \u2013 CEO \u2013 deste Munic\u00edpio, que recebeu o nome do cidad\u00e3o mencionado acima, por meio da Lei Municipal n\u00ba 1.340/2006.","indexacao":"","observacao":"","resultado":"","texto_original":"http://sapl.lagoadaprata.mg.leg.br/media/sapl/public/materialegislativa/2022/7458/requerimento_163-2022_-_lisa_-_quadro_e_placa_nome_ceo_24-10.pdf","data_ultima_atualizacao":"2022-10-28T16:05:23.003727-03:00","ip":"201.222.28.9","ultima_edicao":"2022-10-28T16:04:47.611256-03:00","tipo":3,"regime_tramitacao":1,"tipo_origem_externa":null,"local_origem_externa":null,"user":47,"anexadas":[],"autores":[63]}