{"id":7978,"__str__":"Requerimento n\u00ba 25 de 2024","link_detail_backend":"/materia/7978","metadata":{"signs":{"texto_original":{"admin":[],"autores":[["Caroline de Carvalho Castro",["2024-03-25T16:25:33-03:00","ICP-Brasil"]]]}}},"numero":25,"ano":2024,"numero_protocolo":null,"data_apresentacao":"2024-03-25","tipo_apresentacao":"","data_publicacao":null,"numero_origem_externa":"","ano_origem_externa":null,"data_origem_externa":null,"apelido":"","dias_prazo":null,"data_fim_prazo":null,"em_tramitacao":false,"polemica":false,"objeto":"","complementar":false,"ementa":"A Vereadora infra-assinada, na forma regimental, requer a Vossa Excel\u00eancia, consultado o Plen\u00e1rio, que seja enviado of\u00edcio ao Chefe do Poder Executivo Municipal encaminhando o presente Requerimento, que convoca a Secret\u00e1ria de Sa\u00fade, Sabrina Elen de Novaes e o Secret\u00e1rio de Transportes e Limpeza Urbana, Luiz da Silva J\u00fanior, para que, no prazo regimental e nos termos da Lei Org\u00e2nica do Munic\u00edpio, venham a esta Casa para falar aos Vereadores e \u00e0 popula\u00e7\u00e3o a respeito das a\u00e7\u00f5es e medidas que t\u00eam sido tomadas pelas Secretarias no que diz respeito a preven\u00e7\u00e3o e combate a dengue em nosso Munic\u00edpio.","indexacao":"","observacao":"","resultado":"","texto_original":"http://sapl.lagoadaprata.mg.leg.br/media/sapl/public/materialegislativa/2024/7978/requerimento_025-2024_-_carol_-_convoca_sabrina_e_luizinho.pdf","data_ultima_atualizacao":"2024-03-26T13:02:22.638272-03:00","ip":"201.222.28.9","ultima_edicao":"2024-03-26T12:40:18.911801-03:00","tipo":3,"regime_tramitacao":1,"tipo_origem_externa":null,"local_origem_externa":null,"user":47,"anexadas":[],"autores":[61]}