{"id":7983,"__str__":"Requerimento n\u00ba 27 de 2024","link_detail_backend":"/materia/7983","metadata":{"signs":{"texto_original":{"admin":[],"autores":[["Caroline de Carvalho Castro",["2024-04-01T15:02:38-03:00","ICP-Brasil"]]]}}},"numero":27,"ano":2024,"numero_protocolo":null,"data_apresentacao":"2024-04-01","tipo_apresentacao":"","data_publicacao":null,"numero_origem_externa":"","ano_origem_externa":null,"data_origem_externa":null,"apelido":"","dias_prazo":null,"data_fim_prazo":null,"em_tramitacao":false,"polemica":false,"objeto":"","complementar":false,"ementa":"A Vereadora infra-assinada, na forma regimental, requer a Vossa Excel\u00eancia, ouvido o Plen\u00e1rio, que seja determinada a realiza\u00e7\u00e3o de uma Audi\u00eancia P\u00fablica sobre Pol\u00edticas P\u00fablicas de Atendimento \u00e0s Pessoas com Autismo, em raz\u00e3o do Dia Mundial do Autismo que ocorrer\u00e1 amanh\u00e3, 2 de Abril, para debater sobre as medidas e instrumentos necess\u00e1rios para garantir o cumprimento das Leis de Prote\u00e7\u00e3o dos Direitos da Pessoa com Transtorno do Espectro Autista (TEA) vigentes, al\u00e9m de debater as eventuais mudan\u00e7as e conquistas alcan\u00e7adas pela realiza\u00e7\u00e3o de audi\u00eancias anteriores com o mesmo tema, a se realizar no dia 25 de abril, \u00e0s 18 horas aqui no plen\u00e1rio, com transmiss\u00e3o por meio da r\u00e1dio e das p\u00e1ginas da C\u00e2mara Municipal no Facebook e no YouTube.","indexacao":"","observacao":"","resultado":"","texto_original":"http://sapl.lagoadaprata.mg.leg.br/media/sapl/public/materialegislativa/2024/7983/requerimento_027-2024_-_carol_-_audiencia_publica_autismo.pdf","data_ultima_atualizacao":"2024-04-03T13:35:52.541926-03:00","ip":"201.222.28.9","ultima_edicao":"2024-04-02T16:08:19.073223-03:00","tipo":3,"regime_tramitacao":1,"tipo_origem_externa":null,"local_origem_externa":null,"user":47,"anexadas":[],"autores":[61]}