{"id":819,"__str__":"Requerimento n\u00ba 16 de 2005","link_detail_backend":"/materia/819","metadata":{},"numero":16,"ano":2005,"numero_protocolo":null,"data_apresentacao":"2005-03-07","tipo_apresentacao":"E","data_publicacao":null,"numero_origem_externa":"","ano_origem_externa":null,"data_origem_externa":null,"apelido":"","dias_prazo":null,"data_fim_prazo":null,"em_tramitacao":false,"polemica":null,"objeto":"","complementar":null,"ementa":"REQUER A VOSSA EXCEL\u00caNCIA QUE SEJA ENVIADO OF\u00cdCIO AO DEPUTADO FEDERAL IVO JOS\u00c9, REQUERENDO QUE O ILUSTRE PARLAMENTAR MOBILIZE-SE JUNTO AO GOVERNO FEDERAL, ATRAV\u00c9S DO OR\u00c7AMENTO DA UNI\u00c3O OU MESMO DE SUAS EMENDAS INDIVIDUAIS DE UMA VERBA PARA A CONSTRU\u00c7\u00c3O DE UMA QUADRA EM PROL DA ESCOLA MUNICIPAL JACINTO CAMPOS. ","indexacao":"REQUER A VOSSA EXCEL\u00caNCIA QUE SEJA ENVIADO OF\u00cdCIO AO DEPUTADO FEDERAL IVO JOS\u00c9, REQUERENDO QUE O ILUSTRE PARLAMENTAR MOBILIZE-SE JUNTO AO GOVERNO FEDERAL, ATRAV\u00c9S DO OR\u00c7AMENTO DA UNI\u00c3O OU MESMO DE SUAS EMENDAS INDIVIDUAIS DE UMA VERBA PARA A CONSTRU\u00c7\u00c3O DE UMA QUADRA EM PROL DA ESCOLA MUNICIPAL JACINTO CAMPOS. ","observacao":"","resultado":"","texto_original":"http://sapl.lagoadaprata.mg.leg.br/media/sapl/public/materialegislativa/2005/819/819_texto_integral.doc","data_ultima_atualizacao":"2018-07-24T14:23:46.226003-03:00","ip":"","ultima_edicao":null,"tipo":3,"regime_tramitacao":1,"tipo_origem_externa":null,"local_origem_externa":null,"user":null,"anexadas":[],"autores":[2,3,8,18]}