{"id":8200,"__str__":"Requerimento n\u00ba 7 de 2025","link_detail_backend":"/materia/8200","metadata":{"signs":{"texto_original":{"admin":[],"autores":[["Carla Soares de Andrade",["2025-01-27T15:59:32-03:00","ICP-Brasil"]]]}}},"numero":7,"ano":2025,"numero_protocolo":null,"data_apresentacao":"2025-01-27","tipo_apresentacao":"","data_publicacao":null,"numero_origem_externa":"","ano_origem_externa":null,"data_origem_externa":null,"apelido":"","dias_prazo":20,"data_fim_prazo":"2025-02-16","em_tramitacao":false,"polemica":false,"objeto":"","complementar":false,"ementa":"A Vereadora infra-assinada, na forma regimental e consultado o Plen\u00e1rio, requer a Vossa Excel\u00eancia que se envie of\u00edcio ao Chefe do Poder Executivo Municipal encaminhando o presente Requerimento, que solicita \u00e0 Secret\u00e1ria Municipal de Sa\u00fade, Sabrina Elen de Novaes, que informe a esta Casa.","indexacao":"","observacao":"","resultado":"","texto_original":"http://sapl.lagoadaprata.mg.leg.br/media/sapl/public/materialegislativa/2025/8200/requerimento_007-2025_-_carla_andrade_-_veiculos_emenda_deputado_27-01.pdf","data_ultima_atualizacao":"2025-08-07T12:49:42.217648-03:00","ip":"201.222.28.9","ultima_edicao":"2025-04-09T12:43:10.375594-03:00","tipo":3,"regime_tramitacao":1,"tipo_origem_externa":null,"local_origem_externa":null,"user":59,"anexadas":[],"autores":[73]}