{"id":8219,"__str__":"Requerimento n\u00ba 16 de 2025","link_detail_backend":"/materia/8219","metadata":{"signs":{"texto_original":{"admin":[],"autores":[["Joao Pedro Morais",["2025-02-03T19:00:26-03:00","Gov-Br"]]]}}},"numero":16,"ano":2025,"numero_protocolo":null,"data_apresentacao":"2025-02-03","tipo_apresentacao":"","data_publicacao":null,"numero_origem_externa":"","ano_origem_externa":null,"data_origem_externa":null,"apelido":"","dias_prazo":null,"data_fim_prazo":null,"em_tramitacao":false,"polemica":false,"objeto":"","complementar":false,"ementa":"Com fundamento no \u00a7 2\u00ba do Art. 90 da Resolu\u00e7\u00e3o n\u00ba 865/2022 - Regimento Interno desta Casa, venho requerer a retirada de tramita\u00e7\u00e3o das Emendas 2 e 3 apresentadas ao Substitutivo do Projeto de Lei Complementar EM n\u00ba 1/2025 que Disp\u00f5e sobre a cria\u00e7\u00e3o de Cargo Tempor\u00e1rio de Professor Apoio e d\u00e1 outras provid\u00eancias.","indexacao":"","observacao":"","resultado":"","texto_original":"http://sapl.lagoadaprata.mg.leg.br/media/sapl/public/materialegislativa/2025/8219/requerimento_016-2025_-_joao_pedro_-_retirada_de_emendas_-_plc_1-2025_-_3-02_assinado.pdf","data_ultima_atualizacao":"2025-10-17T18:03:13.765191-03:00","ip":"201.222.28.9","ultima_edicao":"2025-02-04T15:56:13.208613-03:00","tipo":3,"regime_tramitacao":1,"tipo_origem_externa":null,"local_origem_externa":null,"user":59,"anexadas":[],"autores":[72]}