{"id":8330,"__str__":"Requerimento n\u00ba 58 de 2025","link_detail_backend":"/materia/8330","metadata":{"signs":{"texto_original":{"admin":[],"autores":[["Ana Ruth Laine Gontijo",["2025-03-24T14:53:09-03:00","ICP-Brasil"]],["Antonio Justino Filho",["2025-03-24T15:57:03-03:00","ICP-Brasil - AC SyngularID Multipla"]],["Carla Soares de Andrade",["2025-03-24T15:57:17-03:00","ICP-Brasil"]],["Elias Marcio Jose",["2025-03-24T15:57:31-03:00","ICP-Brasil"]],["Francisco de Assis Silva",["2025-03-24T15:57:45-03:00","ICP-Brasil"]],["Janeany Cristina de Castro Almeida",["2025-03-24T15:56:52-03:00","ICP-Brasil"]],["Joao Pedro Morais",["2025-03-24T15:01:49-03:00","ICP-Brasil"]],["Mauro Aparecido Candido",["2025-03-24T15:58:02-03:00","ICP-Brasil"]],["Sonia Antonia Dias Tavares",["2025-03-24T15:58:20-03:00","ICP-Brasil"]]]}}},"numero":58,"ano":2025,"numero_protocolo":157,"data_apresentacao":"2025-03-24","tipo_apresentacao":"","data_publicacao":null,"numero_origem_externa":"","ano_origem_externa":null,"data_origem_externa":null,"apelido":"","dias_prazo":20,"data_fim_prazo":"2025-04-14","em_tramitacao":true,"polemica":false,"objeto":"","complementar":false,"ementa":"Os Vereadores infra-assinados, na forma regimental, requer a Vossa Excel\u00eancia que seja enviado of\u00edcio ao Chefe do Poder Executivo Municipal, encaminhando o presente Requerimento, que solicita a Secretaria de sa\u00fade, Sabrina Elen de Novaes e a Secretaria de Assist\u00eancia Social, Amanda Talita Luis Lopes que informem a Esta Casa quais as provid\u00eancias est\u00e3o sendo tomadas para assegurar os direitos das pessoas com defici\u00eancia intelectual e m\u00faltipla (PCDs) no \u00e2mbito do atendimento \u00e0 sa\u00fade e assist\u00eancia social, bem como no fornecimento de medicamentos de uso cont\u00ednuo.","indexacao":"","observacao":"","resultado":"","texto_original":"http://sapl.lagoadaprata.mg.leg.br/media/sapl/public/materialegislativa/2025/8330/requerimento_058-2025_-_todos_vereadores_-_janeany_1a_autora_ass.pdf","data_ultima_atualizacao":"2025-04-09T13:53:18.339927-03:00","ip":"201.222.28.9","ultima_edicao":"2025-04-09T13:53:17.694379-03:00","tipo":3,"regime_tramitacao":1,"tipo_origem_externa":null,"local_origem_externa":null,"user":59,"anexadas":[],"autores":[69,73,70,58,72,71,62,66,74]}