{"id":8647,"__str__":"Requerimento n\u00ba 181 de 2025","link_detail_backend":"/materia/8647","metadata":{"signs":{"texto_original":{"admin":[],"autores":[["Carla Soares de Andrade",["2025-09-01T15:59:03-03:00","ICP-Brasil"]]]}}},"numero":181,"ano":2025,"numero_protocolo":636,"data_apresentacao":"2025-09-01","tipo_apresentacao":"O","data_publicacao":null,"numero_origem_externa":"","ano_origem_externa":null,"data_origem_externa":null,"apelido":"","dias_prazo":null,"data_fim_prazo":null,"em_tramitacao":false,"polemica":false,"objeto":"","complementar":false,"ementa":"A Vereadora infra-assinada, na forma regimental, requer a Vossa Excel\u00eancia que seja enviado of\u00edcio \u00e0 Diretoria da empresa Ra\u00edzen, situada em Lagoa da Prata, parabenizando e agradecendo seus diretores, bem como seus colaboradores pelo brilhante e eficiente trabalho que eles v\u00eam desempenhando no combate \u00e0s queimadas e inc\u00eandios em nosso Munic\u00edpio, em especial na \u00e1rea em que ocorre a queima da turfa, bem como em reconhecimento da popula\u00e7\u00e3o, na pessoa de seus leg\u00edtimos representantes, os Vereadores.","indexacao":"","observacao":"","resultado":"","texto_original":"http://sapl.lagoadaprata.mg.leg.br/media/sapl/public/materialegislativa/2025/8647/requerimento_181-2025_-_carla_andrade_-_solicita_oficio_parabenizando_raizen_e_outros_-_1-9-2025.pdf","data_ultima_atualizacao":"2025-09-02T13:29:57.343256-03:00","ip":"201.222.28.252","ultima_edicao":"2025-09-01T16:28:23.202845-03:00","tipo":3,"regime_tramitacao":1,"tipo_origem_externa":null,"local_origem_externa":null,"user":60,"anexadas":[],"autores":[73]}