{"id":8808,"__str__":"Projeto de Lei Complementar - EM  n\u00ba 2 de 2026","link_detail_backend":"/materia/8808","metadata":{"signs":{"texto_original":{"admin":[],"autores":[["Di Gianne de Oliveira Nunes",["2026-01-30T16:59:50-03:00","ICP-Brasil - AC SyngularID Multipla"]]]}}},"numero":2,"ano":2026,"numero_protocolo":23,"data_apresentacao":"2026-01-30","tipo_apresentacao":"E","data_publicacao":null,"numero_origem_externa":"","ano_origem_externa":null,"data_origem_externa":null,"apelido":"","dias_prazo":null,"data_fim_prazo":null,"em_tramitacao":false,"polemica":false,"objeto":"","complementar":false,"ementa":"Altera a \u201cLei Complementar n\u00ba 003, de 22 de maio de 1991\u201d, para atualizar a denomina\u00e7\u00e3o e as atribui\u00e7\u00f5es do cargo em comiss\u00e3o de Chefe do Setor de Habita\u00e7\u00e3o, e d\u00e1 outras provid\u00eancias.","indexacao":"","observacao":"","resultado":"","texto_original":"http://sapl.lagoadaprata.mg.leg.br/media/sapl/public/materialegislativa/2026/8808/projeto_de_lei_complementar_no_002-2026-_altera_lei_complementar_n_003-1991.pdf","data_ultima_atualizacao":"2026-02-03T15:25:57.528058-03:00","ip":"170.150.134.73","ultima_edicao":"2026-01-30T17:04:33.930310-03:00","tipo":17,"regime_tramitacao":2,"tipo_origem_externa":null,"local_origem_externa":null,"user":54,"anexadas":[],"autores":[68]}