{"id":8824,"__str__":"Requerimento n\u00ba 6 de 2026","link_detail_backend":"/materia/8824","metadata":{"signs":{"texto_original":{"admin":[],"autores":[["Joao Pedro Morais",["2026-02-09T12:44:40-03:00","ICP-Brasil - AC SyngularID Multipla"]]]}}},"numero":6,"ano":2026,"numero_protocolo":39,"data_apresentacao":"2026-02-09","tipo_apresentacao":"O","data_publicacao":null,"numero_origem_externa":"","ano_origem_externa":null,"data_origem_externa":null,"apelido":"","dias_prazo":null,"data_fim_prazo":null,"em_tramitacao":false,"polemica":false,"objeto":"","complementar":false,"ementa":"O Vereador infra-assinado, na forma regimental, requer a Vossa Excel\u00eancia que seja enviado of\u00edcio ao Chefe do Poder Executivo Municipal, encaminhando o presente Requerimento ao Secret\u00e1rio de Transportes e Limpeza P\u00fablica, Jos\u00e9 Cl\u00e1udio dos Santos, e aos demais setores competentes, para que informem a esta Casa a viabilidade t\u00e9cnica e or\u00e7ament\u00e1ria para a implanta\u00e7\u00e3o de faixa de pedestres, passagem elevada e placas de sinaliza\u00e7\u00e3o em frente ao im\u00f3vel onde funcionava a antiga Escola S\u00e3o Carlos, local que atualmente abriga a Creche Dona Zuleica Machado Malta.","indexacao":"","observacao":"","resultado":"","texto_original":"http://sapl.lagoadaprata.mg.leg.br/media/sapl/public/materialegislativa/2026/8824/requerimento_006-2025_-joao_pedro_-passagem_elevada_em_frente_a_creche_dona_zuleica__09-02.pdf","data_ultima_atualizacao":"2026-02-10T17:22:16.757148-03:00","ip":"201.222.28.252","ultima_edicao":"2026-02-09T12:49:06.798837-03:00","tipo":3,"regime_tramitacao":1,"tipo_origem_externa":null,"local_origem_externa":null,"user":60,"anexadas":[],"autores":[72]}