{"id":8826,"__str__":"Requerimento n\u00ba 8 de 2026","link_detail_backend":"/materia/8826","metadata":{"signs":{"texto_original":{"admin":[],"autores":[["Carla Soares de Andrade",["2026-02-09T15:30:05-03:00","ICP-Brasil - AC SyngularID Multipla"]]]}}},"numero":8,"ano":2026,"numero_protocolo":41,"data_apresentacao":"2026-02-09","tipo_apresentacao":"O","data_publicacao":null,"numero_origem_externa":"","ano_origem_externa":null,"data_origem_externa":null,"apelido":"","dias_prazo":null,"data_fim_prazo":null,"em_tramitacao":false,"polemica":false,"objeto":"","complementar":false,"ementa":"A Vereadora infra-assinada, na forma regimental e consultado o Plen\u00e1rio, requer a Vossa Excel\u00eancia que se envie of\u00edcio ao Chefe do Poder Executivo Municipal encaminhando o presente Requerimento, que solicita ao secret\u00e1rio de Obras e Urbanismo, Reginaldo Henrique Santos, e ao secret\u00e1rio de Transportes e Limpeza P\u00fablica, Luiz da Silva J\u00fanior, bem como aos demais setores competentes, que informem a possibilidade de realiza\u00e7\u00e3o de manuten\u00e7\u00e3o da ilumina\u00e7\u00e3o p\u00fablica, com a substitui\u00e7\u00e3o de lumin\u00e1ria queimada, bem como a execu\u00e7\u00e3o de servi\u00e7os de pavimenta\u00e7\u00e3o asf\u00e1ltica na Rua M\u00e1rio Mendes, em frente ao n\u00ba 1797, no Bairro Mar\u00edlia.","indexacao":"","observacao":"","resultado":"","texto_original":"http://sapl.lagoadaprata.mg.leg.br/media/sapl/public/materialegislativa/2026/8826/requerimento_008-2025_-_carla_andrade_-_iluminacao_e_pavimentacao_-_09-02.pdf","data_ultima_atualizacao":"2026-02-10T17:23:28.310732-03:00","ip":"201.222.28.252","ultima_edicao":"2026-02-09T15:31:16.858460-03:00","tipo":3,"regime_tramitacao":1,"tipo_origem_externa":null,"local_origem_externa":null,"user":60,"anexadas":[],"autores":[73]}