{"id":8827,"__str__":"Requerimento n\u00ba 9 de 2026","link_detail_backend":"/materia/8827","metadata":{"signs":{"texto_original":{"admin":[],"autores":[["Elias Marcio Jose",["2026-02-09T16:08:32-03:00","ICP-Brasil - AC SyngularID Multipla"]]]}}},"numero":9,"ano":2026,"numero_protocolo":42,"data_apresentacao":"2026-02-09","tipo_apresentacao":"O","data_publicacao":null,"numero_origem_externa":"","ano_origem_externa":null,"data_origem_externa":null,"apelido":"","dias_prazo":null,"data_fim_prazo":null,"em_tramitacao":false,"polemica":false,"objeto":"","complementar":false,"ementa":"O Vereador infra-assinado, na forma regimental e consultado o Plen\u00e1rio, requer a Vossa Excel\u00eancia que se envie of\u00edcio ao Chefe do Poder Executivo Municipal encaminhando o presente Requerimento, que solicita ao Secret\u00e1rio Municipal de Administra\u00e7\u00e3o e Governo, Alysson Elias Macedo, bem como aos demais setores competentes, que informem a possibilidade de realiza\u00e7\u00e3o de estudos t\u00e9cnico-administrativos, jur\u00eddicos e or\u00e7ament\u00e1rios, acerca:\r\nI.\tda eventual viabilidade administrativa de ado\u00e7\u00e3o do c\u00f4mputo das f\u00e9rias dos servidores p\u00fablicos municipais em dias \u00fateis, em par\u00e2metro equivalente a 25 (vinte e cinco) dias \u00fateis;\r\nII.\tda possibilidade administrativa de concess\u00e3o de ponto facultativo no dia do anivers\u00e1rio do servidor p\u00fablico municipal, conforme j\u00e1 suscitado no Requerimento n\u00ba 135/2025.","indexacao":"","observacao":"","resultado":"","texto_original":"http://sapl.lagoadaprata.mg.leg.br/media/sapl/public/materialegislativa/2026/8827/requerimento_009-2026_-elias_motorista_-_ferias_dos_servidores_e_ponto_facultativo_-_09-02-2026_cor.pdf","data_ultima_atualizacao":"2026-02-10T17:23:46.136872-03:00","ip":"201.222.28.252","ultima_edicao":"2026-02-09T19:19:36.333566-03:00","tipo":3,"regime_tramitacao":1,"tipo_origem_externa":null,"local_origem_externa":null,"user":60,"anexadas":[],"autores":[70]}