{"id":8855,"__str__":"Projeto de Lei Complementar - EM  n\u00ba 7 de 2026","link_detail_backend":"/materia/8855","metadata":{"signs":{"texto_original":{"admin":[],"autores":[["Di Gianne de Oliveira Nunes",["2026-02-27T16:38:13-03:00","ICP-Brasil - AC SyngularID Multipla"]]]}}},"numero":7,"ano":2026,"numero_protocolo":81,"data_apresentacao":"2026-02-27","tipo_apresentacao":"E","data_publicacao":null,"numero_origem_externa":"","ano_origem_externa":null,"data_origem_externa":null,"apelido":"","dias_prazo":null,"data_fim_prazo":null,"em_tramitacao":true,"polemica":false,"objeto":"","complementar":false,"ementa":"Altera a \u201cLei Complementar n\u00ba 261, de 27 de mar\u00e7o de 2023\u201d, que institui o C\u00f3digo de Obras e Edifica\u00e7\u00f5es do Munic\u00edpio de Lagoa da Prata, para incluir disposi\u00e7\u00f5es sobre moradias de car\u00e1ter social, conforme diretrizes da Ata n\u00ba 72 do Conselho da Cidade.","indexacao":"","observacao":"","resultado":"","texto_original":"http://sapl.lagoadaprata.mg.leg.br/media/sapl/public/materialegislativa/2026/8855/projeto_de_lei_complementar_no_xxx-2026-_altera_a_lei_complementar_no_261_de_2023_para_incluir_disposicoes_sobre_moradias_de_carater_social.pdf","data_ultima_atualizacao":"2026-04-28T14:15:52.872278-03:00","ip":"170.150.134.73","ultima_edicao":"2026-02-27T17:12:00.038805-03:00","tipo":17,"regime_tramitacao":1,"tipo_origem_externa":null,"local_origem_externa":null,"user":54,"anexadas":[],"autores":[68]}