{"id":8918,"__str__":"Requerimento n\u00ba 43 de 2026","link_detail_backend":"/materia/8918","metadata":{"signs":{"texto_original":{"admin":[],"autores":[["Elias Marcio Jose",["2026-03-30T16:11:35-03:00","ICP-Brasil - AC SyngularID Multipla"]]]}}},"numero":43,"ano":2026,"numero_protocolo":181,"data_apresentacao":"2026-03-30","tipo_apresentacao":"","data_publicacao":null,"numero_origem_externa":"","ano_origem_externa":null,"data_origem_externa":null,"apelido":"","dias_prazo":null,"data_fim_prazo":null,"em_tramitacao":true,"polemica":false,"objeto":"","complementar":false,"ementa":"O Vereador infra-assinado, na forma regimental, requer a Vossa Excel\u00eancia que seja enviado of\u00edcio ao Chefe do Poder Executivo Municipal, encaminhando o presente Requerimento, solicitando  a Secret\u00e1ria Municipal de Obras e Urbanismo, B\u00e1rbara Rocha de Oliveira Ba\u00eda; e aos demais setores competentes, para que informem a esta Casa acerca da possibilidade de implantar espa\u00e7os de lazer inclusivos destinados a crian\u00e7as com Transtorno do Espectro Autista (TEA) no munic\u00edpio de Lagoa da Prata .","indexacao":"","observacao":"","resultado":"","texto_original":"http://sapl.lagoadaprata.mg.leg.br/media/sapl/public/materialegislativa/2026/8918/requerimento_043-2026_-_elias_motorista_-_praca_de_lazer_para_autismo_-_30-03.pdf","data_ultima_atualizacao":"2026-03-31T16:56:15.681245-03:00","ip":"77.111.246.40","ultima_edicao":"2026-03-30T16:13:20.493534-03:00","tipo":3,"regime_tramitacao":1,"tipo_origem_externa":null,"local_origem_externa":null,"user":60,"anexadas":[],"autores":[70]}