{"id":13387,"__str__":"Requerimento n\u00ba 98 de 2025 | Vota\u00e7\u00e3o \u00fanica | 05/05/2025","link_detail_backend":"/materia/tramitacao/13387","metadata":{},"timestamp":"2025-05-05T17:54:54.958166-03:00","data_tramitacao":"2025-05-05","data_encaminhamento":null,"urgente":false,"turno":"","texto":"Vota\u00e7\u00e3o \u00fanica do requerimento em plen\u00e1rio. Manifestaram-se os vereadores: Janeany, Ana Ruth e Toninho da Laje.","data_fim_prazo":null,"ip":"201.222.28.218","ultima_edicao":"2025-10-03T14:48:41.022549-03:00","status":91,"materia":8428,"unidade_tramitacao_local":31,"unidade_tramitacao_destino":10,"user":60}