{"id":13716,"__str__":"Projeto de Lei EM n\u00ba 98 de 2025 | Discuss\u00e3o e Vota\u00e7\u00e3o \u00danicas | 02/06/2025","link_detail_backend":"/materia/tramitacao/13716","metadata":{},"timestamp":"2025-06-03T14:14:11.790271-03:00","data_tramitacao":"2025-06-02","data_encaminhamento":null,"urgente":false,"turno":"","texto":"Aprovado 8 a 0. Manifestaram-se os vereadores: Jo\u00e3o Pedro, Ana Ruth, Elias e Toninho da Laje.","data_fim_prazo":null,"ip":"201.222.28.218","ultima_edicao":"2025-10-03T15:54:49.923483-03:00","status":73,"materia":8449,"unidade_tramitacao_local":10,"unidade_tramitacao_destino":10,"user":60}