{"id":14380,"__str__":"Projeto de Lei EM n\u00ba 131 de 2025 | Discuss\u00e3o e Vota\u00e7\u00e3o \u00danicas | 07/07/2025","link_detail_backend":"/materia/tramitacao/14380","metadata":{},"timestamp":"2025-07-08T12:57:14.929896-03:00","data_tramitacao":"2025-07-07","data_encaminhamento":null,"urgente":false,"turno":"","texto":"Projeto aprovado por 8x0. Manifestou-se o vereador Toninho da Laje.","data_fim_prazo":null,"ip":"201.222.28.218","ultima_edicao":"2025-10-03T16:53:48.455133-03:00","status":73,"materia":8519,"unidade_tramitacao_local":10,"unidade_tramitacao_destino":10,"user":60}