{"id":14485,"__str__":"Anteprojeto de Lei Complementar n\u00ba 4 de 2025 | Discuss\u00e3o e Vota\u00e7\u00e3o \u00danicas | 21/07/2025","link_detail_backend":"/materia/tramitacao/14485","metadata":{},"timestamp":"2025-07-22T13:26:30.020226-03:00","data_tramitacao":"2025-07-21","data_encaminhamento":null,"urgente":false,"turno":"","texto":"Projeto aprovado por 8x0. Manifestaram-se os vereadores: Elias Motorista, Toninho da Laje, Ana Ruth, Jo\u00e3o Pedro, Tuty da Borracharia e Carla Andrade.","data_fim_prazo":null,"ip":"201.222.28.218","ultima_edicao":"2025-10-03T17:01:18.140363-03:00","status":73,"materia":8542,"unidade_tramitacao_local":10,"unidade_tramitacao_destino":10,"user":60}