{"id":14653,"__str__":"Requerimento n\u00ba 162 de 2025 | Apresenta\u00e7\u00e3o em Plen\u00e1rio | 11/08/2025","link_detail_backend":"/materia/tramitacao/14653","metadata":{},"timestamp":"2025-08-12T12:51:45.085192-03:00","data_tramitacao":"2025-08-11","data_encaminhamento":null,"urgente":false,"turno":"","texto":"","data_fim_prazo":null,"ip":"201.222.28.152","ultima_edicao":"2025-08-12T12:51:37.480865-03:00","status":1,"materia":8604,"unidade_tramitacao_local":10,"unidade_tramitacao_destino":10,"user":59}