{"id":14960,"__str__":"Anteprojeto de Lei Complementar n\u00ba 6 de 2025 | Discuss\u00e3o e Vota\u00e7\u00e3o \u00danicas | 08/09/2025","link_detail_backend":"/materia/tramitacao/14960","metadata":{},"timestamp":"2025-09-09T12:54:40.021485-03:00","data_tramitacao":"2025-09-08","data_encaminhamento":null,"urgente":false,"turno":"","texto":"Anteprojeto aprovado por 8x0. Manifestou-se a vereadora Carla Andrade.","data_fim_prazo":null,"ip":"201.222.28.218","ultima_edicao":"2025-10-03T17:51:30.393364-03:00","status":73,"materia":8635,"unidade_tramitacao_local":10,"unidade_tramitacao_destino":10,"user":60}