{"id":15308,"__str__":"Anteprojeto de Lei n\u00ba 2 de 2025 | Discuss\u00e3o e Vota\u00e7\u00e3o \u00danicas | 17/02/2025","link_detail_backend":"/materia/tramitacao/15308","metadata":{},"timestamp":"2025-10-20T12:57:46.247152-03:00","data_tramitacao":"2025-02-17","data_encaminhamento":null,"urgente":false,"turno":"","texto":"Anteprojeto aprovado em discuss\u00e3o e vota\u00e7\u00e3o \u00fanicas por 8x0. Manifestaram-se os vereadores Ana Ruth, Elias Motorista, Jo\u00e3o Pedro, Toninho da Laje e Soninha.","data_fim_prazo":null,"ip":"77.111.246.45","ultima_edicao":"2025-10-20T12:53:26.885479-03:00","status":73,"materia":8220,"unidade_tramitacao_local":10,"unidade_tramitacao_destino":10,"user":47}