{"id":15452,"__str__":"Mo\u00e7\u00e3o n\u00ba 10 de 2025 | Discuss\u00e3o e Vota\u00e7\u00e3o \u00danicas | 05/11/2025","link_detail_backend":"/materia/tramitacao/15452","metadata":{},"timestamp":"2025-11-06T14:53:42.817896-03:00","data_tramitacao":"2025-11-05","data_encaminhamento":null,"urgente":false,"turno":"","texto":"Aprovada por 8x0. Manifestaram-se os vereadores Mauro do G\u00e1s, Toninho da Laje, Carla Andrade, Soninha, Jo\u00e3o Pedro, Ana Ruth, Elias Motorista, Tuty da Borracharia e Janeany.","data_fim_prazo":null,"ip":"77.111.246.19","ultima_edicao":"2025-11-06T14:53:20.191796-03:00","status":73,"materia":8730,"unidade_tramitacao_local":10,"unidade_tramitacao_destino":10,"user":70}