{"id":15693,"__str__":"Projeto de Lei CM n\u00ba 25 de 2025 | Discuss\u00e3o e Vota\u00e7\u00e3o \u00danicas | 15/12/2025","link_detail_backend":"/materia/tramitacao/15693","metadata":{},"timestamp":"2025-12-16T13:36:15.005545-03:00","data_tramitacao":"2025-12-15","data_encaminhamento":null,"urgente":false,"turno":"","texto":"Aprovado por 8 x 0. Manifestaram-se os vereadores: Janeany, Jo\u00e3o Pedro, Elias Motorista, Carla Andrade, Ana Ruth, Mauro do G\u00e1s, Tuty da Borracharia e Toninho da Laje.","data_fim_prazo":null,"ip":"201.222.28.252","ultima_edicao":"2025-12-16T13:35:12.302421-03:00","status":73,"materia":8770,"unidade_tramitacao_local":10,"unidade_tramitacao_destino":10,"user":60}