{"id":15947,"__str__":"Requerimento n\u00ba 20 de 2026 | Apresenta\u00e7\u00e3o em Plen\u00e1rio | 23/02/2026","link_detail_backend":"/materia/tramitacao/15947","metadata":{},"timestamp":"2026-02-24T15:11:31.225521-03:00","data_tramitacao":"2026-02-23","data_encaminhamento":null,"urgente":false,"turno":"","texto":"Requerimento lido em plen\u00e1rio. Manifestaram-se os vereadores: Jo\u00e3o Pedro, Janeany, Tuty da Borracharia, Toninho da Laje e Elias Motorista. Logo em seguida, o vereador Jo\u00e3o Pedro fez a conclus\u00e3o de sua fala. Ap\u00f3s, o Presidente determinou o encaminhamento do requerimento ao Executivo Municipal.","data_fim_prazo":null,"ip":"77.111.246.40","ultima_edicao":"2026-02-24T15:10:59.919999-03:00","status":1,"materia":8842,"unidade_tramitacao_local":10,"unidade_tramitacao_destino":10,"user":70}