{"id":15967,"__str__":"Projeto de Lei CM n\u00ba 2 de 2026 | Discuss\u00e3o e Vota\u00e7\u00e3o \u00danicas | 23/02/2026","link_detail_backend":"/materia/tramitacao/15967","metadata":{},"timestamp":"2026-02-24T15:42:59.685465-03:00","data_tramitacao":"2026-02-23","data_encaminhamento":null,"urgente":false,"turno":"","texto":"Aprovado por 8 x 0. Manifestou-se o vereador Jo\u00e3o Pedro.","data_fim_prazo":null,"ip":"77.111.246.40","ultima_edicao":"2026-02-24T15:42:30.804169-03:00","status":73,"materia":8819,"unidade_tramitacao_local":10,"unidade_tramitacao_destino":10,"user":70}