{"id":1683,"__str__":"Requerimento n\u00ba 2 de 2019 | Apresenta\u00e7\u00e3o em Plen\u00e1rio | 07/01/2019","link_detail_backend":"/materia/tramitacao/1683","metadata":{},"timestamp":"2019-06-03T17:34:18.310300-03:00","data_tramitacao":"2019-01-07","data_encaminhamento":null,"urgente":false,"turno":"","texto":"REQUERIMENTO APRESENTADO EM PLEN\u00c1RIO.","data_fim_prazo":null,"ip":"201.222.28.9","ultima_edicao":null,"status":1,"materia":5730,"unidade_tramitacao_local":31,"unidade_tramitacao_destino":10,"user":46}