{"id":3509,"__str__":"Projeto de Lei EM n\u00ba 8 de 2020 | Discuss\u00e3o e Vota\u00e7\u00e3o \u00danicas | 21/05/2020","link_detail_backend":"/materia/tramitacao/3509","metadata":{},"timestamp":"2020-05-22T13:54:22.987849-03:00","data_tramitacao":"2020-05-21","data_encaminhamento":null,"urgente":false,"turno":"","texto":"Projeto de lei rejeitado por 6x2, sendo favor\u00e1veis os vereadores Preto e Lalinho.","data_fim_prazo":null,"ip":"201.222.28.9","ultima_edicao":"2020-05-22T13:53:45.933136-03:00","status":73,"materia":6201,"unidade_tramitacao_local":10,"unidade_tramitacao_destino":10,"user":47}